{"id":11081,"date":"2017-05-03T12:37:08","date_gmt":"2017-05-03T11:37:08","guid":{"rendered":"https:\/\/www.fundaciomascort.com\/una-mirada-emocionada-a-linstitut-destudis-fotografics-de-catalunya\/"},"modified":"2023-03-09T15:50:30","modified_gmt":"2023-03-09T15:50:30","slug":"una-mirada-emocionada-a-linstitut-destudis-fotografics-de-catalunya","status":"publish","type":"post","link":"https:\/\/www.fundaciomascort.com\/fr\/una-mirada-emocionada-a-linstitut-destudis-fotografics-de-catalunya\/","title":{"rendered":"\u00ab\u00a0Una mirada emocionada\u00a0\u00bb a l&rsquo;Institut d&rsquo;Estudis Fotogr\u00e0fics de Catalunya"},"content":{"rendered":"<p>L&rsquo;Institut d&rsquo;Estudis Fotogr\u00e0fics de Catalunya mostrar\u00e0 part de l\u2019exposici\u00f3 \u00ab\u00a0Una mirada emocionada. Fotografies de Ramon Mascort Amig\u00f3\u00a0\u00bb, del 3 al 31 de maig, a la seu de l\u2019entitat.<\/p>\n<p>&nbsp;<\/p>\n<p><img loading=\"lazy\" decoding=\"async\" class=\"alignnone size-medium wp-image-9892\" src=\"https:\/\/www.fundaciomascort.com\/wp-content\/uploads\/2020\/03\/1T5W2307-007-300x200.jpg\" alt=\"\" width=\"300\" height=\"200\" srcset=\"https:\/\/www.fundaciomascort.com\/wp-content\/uploads\/2020\/03\/1T5W2307-007-300x200.jpg 300w, https:\/\/www.fundaciomascort.com\/wp-content\/uploads\/2020\/03\/1T5W2307-007-600x400.jpg 600w, https:\/\/www.fundaciomascort.com\/wp-content\/uploads\/2020\/03\/1T5W2307-007-1024x683.jpg 1024w, https:\/\/www.fundaciomascort.com\/wp-content\/uploads\/2020\/03\/1T5W2307-007-768x512.jpg 768w, https:\/\/www.fundaciomascort.com\/wp-content\/uploads\/2020\/03\/1T5W2307-007-640x427.jpg 640w, https:\/\/www.fundaciomascort.com\/wp-content\/uploads\/2020\/03\/1T5W2307-007-1200x800.jpg 1200w, https:\/\/www.fundaciomascort.com\/wp-content\/uploads\/2020\/03\/1T5W2307-007.jpg 1500w\" sizes=\"(max-width: 639px) 98vw, (max-width: 1199px) 64vw, 300px\" \/><\/p>\n<p style=\"text-align: justify;\">\n","protected":false},"excerpt":{"rendered":"<p>L&rsquo;Institut d&rsquo;Estudis Fotogr\u00e0fics de Catalunya mostrar\u00e0 part de l\u2019exposici\u00f3 \u00ab\u00a0Una mirada emocionada. Fotografies de Ramon Mascort Amig\u00f3\u00a0\u00bb, del 3 al 31 de maig, a la seu de l\u2019entitat. &nbsp;<\/p>\n","protected":false},"author":2,"featured_media":0,"comment_status":"closed","ping_status":"open","sticky":false,"template":"","format":"standard","meta":{"_acf_changed":false,"footnotes":""},"categories":[45],"tags":[98,99],"class_list":["post-11081","post","type-post","status-publish","format-standard","hentry","category-noticies-fr","tag-exposicio-fr","tag-fotografia-fr"],"acf":[],"yoast_head":"<!-- This site is optimized with the Yoast SEO plugin v25.6 - https:\/\/yoast.com\/wordpress\/plugins\/seo\/ -->\n<title>&quot;Una mirada emocionada&quot; a l&#039;Institut d&#039;Estudis Fotogr\u00e0fics de Catalunya - Fundaci\u00f3 Mascort<\/title>\n<meta name=\"robots\" content=\"index, follow, max-snippet:-1, max-image-preview:large, max-video-preview:-1\" \/>\n<link rel=\"canonical\" href=\"https:\/\/www.fundaciomascort.com\/fr\/una-mirada-emocionada-a-linstitut-destudis-fotografics-de-catalunya\/\" \/>\n<meta property=\"og:locale\" content=\"fr_FR\" \/>\n<meta property=\"og:type\" content=\"article\" \/>\n<meta property=\"og:title\" content=\"&quot;Una mirada emocionada&quot; a l&#039;Institut d&#039;Estudis Fotogr\u00e0fics de Catalunya - Fundaci\u00f3 Mascort\" \/>\n<meta property=\"og:description\" content=\"L&rsquo;Institut d&rsquo;Estudis Fotogr\u00e0fics de Catalunya mostrar\u00e0 part de l\u2019exposici\u00f3 \u00ab\u00a0Una mirada emocionada. Fotografies de Ramon Mascort Amig\u00f3\u00a0\u00bb, del 3 al 31 de maig, a la seu de l\u2019entitat. &nbsp;\" \/>\n<meta property=\"og:url\" content=\"https:\/\/www.fundaciomascort.com\/fr\/una-mirada-emocionada-a-linstitut-destudis-fotografics-de-catalunya\/\" \/>\n<meta property=\"og:site_name\" content=\"Fundaci\u00f3 Mascort\" \/>\n<meta property=\"article:publisher\" content=\"https:\/\/www.facebook.com\/fundaciomascort\" \/>\n<meta property=\"article:published_time\" content=\"2017-05-03T11:37:08+00:00\" \/>\n<meta property=\"article:modified_time\" content=\"2023-03-09T15:50:30+00:00\" \/>\n<meta property=\"og:image\" content=\"https:\/\/www.fundaciomascort.com\/wp-content\/uploads\/2020\/03\/1T5W2307-007-300x200.jpg\" \/>\n<meta name=\"author\" content=\"fmascort\" \/>\n<meta name=\"twitter:card\" content=\"summary_large_image\" \/>\n<meta name=\"twitter:creator\" content=\"@fundaciomascort\" \/>\n<meta name=\"twitter:site\" content=\"@fundaciomascort\" \/>\n<meta name=\"twitter:label1\" content=\"\u00c9crit par\" \/>\n\t<meta name=\"twitter:data1\" content=\"fmascort\" \/>\n<script type=\"application\/ld+json\" class=\"yoast-schema-graph\">{\"@context\":\"https:\/\/schema.org\",\"@graph\":[{\"@type\":\"WebPage\",\"@id\":\"https:\/\/www.fundaciomascort.com\/fr\/una-mirada-emocionada-a-linstitut-destudis-fotografics-de-catalunya\/\",\"url\":\"https:\/\/www.fundaciomascort.com\/fr\/una-mirada-emocionada-a-linstitut-destudis-fotografics-de-catalunya\/\",\"name\":\"\\\"Una mirada emocionada\\\" a l'Institut d'Estudis Fotogr\u00e0fics de Catalunya - Fundaci\u00f3 Mascort\",\"isPartOf\":{\"@id\":\"https:\/\/www.fundaciomascort.com\/fr\/#website\"},\"primaryImageOfPage\":{\"@id\":\"https:\/\/www.fundaciomascort.com\/fr\/una-mirada-emocionada-a-linstitut-destudis-fotografics-de-catalunya\/#primaryimage\"},\"image\":{\"@id\":\"https:\/\/www.fundaciomascort.com\/fr\/una-mirada-emocionada-a-linstitut-destudis-fotografics-de-catalunya\/#primaryimage\"},\"thumbnailUrl\":\"https:\/\/www.fundaciomascort.com\/wp-content\/uploads\/2020\/03\/1T5W2307-007-300x200.jpg\",\"datePublished\":\"2017-05-03T11:37:08+00:00\",\"dateModified\":\"2023-03-09T15:50:30+00:00\",\"author\":{\"@id\":\"https:\/\/www.fundaciomascort.com\/fr\/#\/schema\/person\/ab3621a7e65be281886c4c7f7b12c795\"},\"breadcrumb\":{\"@id\":\"https:\/\/www.fundaciomascort.com\/fr\/una-mirada-emocionada-a-linstitut-destudis-fotografics-de-catalunya\/#breadcrumb\"},\"inLanguage\":\"fr-FR\",\"potentialAction\":[{\"@type\":\"ReadAction\",\"target\":[\"https:\/\/www.fundaciomascort.com\/fr\/una-mirada-emocionada-a-linstitut-destudis-fotografics-de-catalunya\/\"]}]},{\"@type\":\"ImageObject\",\"inLanguage\":\"fr-FR\",\"@id\":\"https:\/\/www.fundaciomascort.com\/fr\/una-mirada-emocionada-a-linstitut-destudis-fotografics-de-catalunya\/#primaryimage\",\"url\":\"https:\/\/www.fundaciomascort.com\/wp-content\/uploads\/2020\/03\/1T5W2307-007-300x200.jpg\",\"contentUrl\":\"https:\/\/www.fundaciomascort.com\/wp-content\/uploads\/2020\/03\/1T5W2307-007-300x200.jpg\"},{\"@type\":\"BreadcrumbList\",\"@id\":\"https:\/\/www.fundaciomascort.com\/fr\/una-mirada-emocionada-a-linstitut-destudis-fotografics-de-catalunya\/#breadcrumb\",\"itemListElement\":[{\"@type\":\"ListItem\",\"position\":1,\"name\":\"Home\",\"item\":\"https:\/\/www.fundaciomascort.com\/fr\/\"},{\"@type\":\"ListItem\",\"position\":2,\"name\":\"&#8220;Una mirada emocionada&#8221; a l&#8217;Institut d&#8217;Estudis Fotogr\u00e0fics de Catalunya\"}]},{\"@type\":\"WebSite\",\"@id\":\"https:\/\/www.fundaciomascort.com\/fr\/#website\",\"url\":\"https:\/\/www.fundaciomascort.com\/fr\/\",\"name\":\"Fundaci\u00f3 Mascort\",\"description\":\"Esperem que compartiu amb nosaltres les exposicions de la Casa Galibern i les nostres publicacions.\",\"potentialAction\":[{\"@type\":\"SearchAction\",\"target\":{\"@type\":\"EntryPoint\",\"urlTemplate\":\"https:\/\/www.fundaciomascort.com\/fr\/?s={search_term_string}\"},\"query-input\":{\"@type\":\"PropertyValueSpecification\",\"valueRequired\":true,\"valueName\":\"search_term_string\"}}],\"inLanguage\":\"fr-FR\"},{\"@type\":\"Person\",\"@id\":\"https:\/\/www.fundaciomascort.com\/fr\/#\/schema\/person\/ab3621a7e65be281886c4c7f7b12c795\",\"name\":\"fmascort\",\"image\":{\"@type\":\"ImageObject\",\"inLanguage\":\"fr-FR\",\"@id\":\"https:\/\/www.fundaciomascort.com\/fr\/#\/schema\/person\/image\/\",\"url\":\"https:\/\/secure.gravatar.com\/avatar\/a46e5bd7753d32476707135d9c826586?s=96&d=mm&r=g\",\"contentUrl\":\"https:\/\/secure.gravatar.com\/avatar\/a46e5bd7753d32476707135d9c826586?s=96&d=mm&r=g\",\"caption\":\"fmascort\"}}]}<\/script>\n<!-- \/ Yoast SEO plugin. -->","yoast_head_json":{"title":"\"Una mirada emocionada\" a l'Institut d'Estudis Fotogr\u00e0fics de Catalunya - Fundaci\u00f3 Mascort","robots":{"index":"index","follow":"follow","max-snippet":"max-snippet:-1","max-image-preview":"max-image-preview:large","max-video-preview":"max-video-preview:-1"},"canonical":"https:\/\/www.fundaciomascort.com\/fr\/una-mirada-emocionada-a-linstitut-destudis-fotografics-de-catalunya\/","og_locale":"fr_FR","og_type":"article","og_title":"\"Una mirada emocionada\" a l'Institut d'Estudis Fotogr\u00e0fics de Catalunya - Fundaci\u00f3 Mascort","og_description":"L&rsquo;Institut d&rsquo;Estudis Fotogr\u00e0fics de Catalunya mostrar\u00e0 part de l\u2019exposici\u00f3 \u00ab\u00a0Una mirada emocionada. Fotografies de Ramon Mascort Amig\u00f3\u00a0\u00bb, del 3 al 31 de maig, a la seu de l\u2019entitat. &nbsp;","og_url":"https:\/\/www.fundaciomascort.com\/fr\/una-mirada-emocionada-a-linstitut-destudis-fotografics-de-catalunya\/","og_site_name":"Fundaci\u00f3 Mascort","article_publisher":"https:\/\/www.facebook.com\/fundaciomascort","article_published_time":"2017-05-03T11:37:08+00:00","article_modified_time":"2023-03-09T15:50:30+00:00","og_image":[{"url":"https:\/\/www.fundaciomascort.com\/wp-content\/uploads\/2020\/03\/1T5W2307-007-300x200.jpg","type":"","width":"","height":""}],"author":"fmascort","twitter_card":"summary_large_image","twitter_creator":"@fundaciomascort","twitter_site":"@fundaciomascort","twitter_misc":{"\u00c9crit par":"fmascort"},"schema":{"@context":"https:\/\/schema.org","@graph":[{"@type":"WebPage","@id":"https:\/\/www.fundaciomascort.com\/fr\/una-mirada-emocionada-a-linstitut-destudis-fotografics-de-catalunya\/","url":"https:\/\/www.fundaciomascort.com\/fr\/una-mirada-emocionada-a-linstitut-destudis-fotografics-de-catalunya\/","name":"\"Una mirada emocionada\" a l'Institut d'Estudis Fotogr\u00e0fics de Catalunya - Fundaci\u00f3 Mascort","isPartOf":{"@id":"https:\/\/www.fundaciomascort.com\/fr\/#website"},"primaryImageOfPage":{"@id":"https:\/\/www.fundaciomascort.com\/fr\/una-mirada-emocionada-a-linstitut-destudis-fotografics-de-catalunya\/#primaryimage"},"image":{"@id":"https:\/\/www.fundaciomascort.com\/fr\/una-mirada-emocionada-a-linstitut-destudis-fotografics-de-catalunya\/#primaryimage"},"thumbnailUrl":"https:\/\/www.fundaciomascort.com\/wp-content\/uploads\/2020\/03\/1T5W2307-007-300x200.jpg","datePublished":"2017-05-03T11:37:08+00:00","dateModified":"2023-03-09T15:50:30+00:00","author":{"@id":"https:\/\/www.fundaciomascort.com\/fr\/#\/schema\/person\/ab3621a7e65be281886c4c7f7b12c795"},"breadcrumb":{"@id":"https:\/\/www.fundaciomascort.com\/fr\/una-mirada-emocionada-a-linstitut-destudis-fotografics-de-catalunya\/#breadcrumb"},"inLanguage":"fr-FR","potentialAction":[{"@type":"ReadAction","target":["https:\/\/www.fundaciomascort.com\/fr\/una-mirada-emocionada-a-linstitut-destudis-fotografics-de-catalunya\/"]}]},{"@type":"ImageObject","inLanguage":"fr-FR","@id":"https:\/\/www.fundaciomascort.com\/fr\/una-mirada-emocionada-a-linstitut-destudis-fotografics-de-catalunya\/#primaryimage","url":"https:\/\/www.fundaciomascort.com\/wp-content\/uploads\/2020\/03\/1T5W2307-007-300x200.jpg","contentUrl":"https:\/\/www.fundaciomascort.com\/wp-content\/uploads\/2020\/03\/1T5W2307-007-300x200.jpg"},{"@type":"BreadcrumbList","@id":"https:\/\/www.fundaciomascort.com\/fr\/una-mirada-emocionada-a-linstitut-destudis-fotografics-de-catalunya\/#breadcrumb","itemListElement":[{"@type":"ListItem","position":1,"name":"Home","item":"https:\/\/www.fundaciomascort.com\/fr\/"},{"@type":"ListItem","position":2,"name":"&#8220;Una mirada emocionada&#8221; a l&#8217;Institut d&#8217;Estudis Fotogr\u00e0fics de Catalunya"}]},{"@type":"WebSite","@id":"https:\/\/www.fundaciomascort.com\/fr\/#website","url":"https:\/\/www.fundaciomascort.com\/fr\/","name":"Fundaci\u00f3 Mascort","description":"Esperem que compartiu amb nosaltres les exposicions de la Casa Galibern i les nostres publicacions.","potentialAction":[{"@type":"SearchAction","target":{"@type":"EntryPoint","urlTemplate":"https:\/\/www.fundaciomascort.com\/fr\/?s={search_term_string}"},"query-input":{"@type":"PropertyValueSpecification","valueRequired":true,"valueName":"search_term_string"}}],"inLanguage":"fr-FR"},{"@type":"Person","@id":"https:\/\/www.fundaciomascort.com\/fr\/#\/schema\/person\/ab3621a7e65be281886c4c7f7b12c795","name":"fmascort","image":{"@type":"ImageObject","inLanguage":"fr-FR","@id":"https:\/\/www.fundaciomascort.com\/fr\/#\/schema\/person\/image\/","url":"https:\/\/secure.gravatar.com\/avatar\/a46e5bd7753d32476707135d9c826586?s=96&d=mm&r=g","contentUrl":"https:\/\/secure.gravatar.com\/avatar\/a46e5bd7753d32476707135d9c826586?s=96&d=mm&r=g","caption":"fmascort"}}]}},"_links":{"self":[{"href":"https:\/\/www.fundaciomascort.com\/fr\/wp-json\/wp\/v2\/posts\/11081"}],"collection":[{"href":"https:\/\/www.fundaciomascort.com\/fr\/wp-json\/wp\/v2\/posts"}],"about":[{"href":"https:\/\/www.fundaciomascort.com\/fr\/wp-json\/wp\/v2\/types\/post"}],"author":[{"embeddable":true,"href":"https:\/\/www.fundaciomascort.com\/fr\/wp-json\/wp\/v2\/users\/2"}],"replies":[{"embeddable":true,"href":"https:\/\/www.fundaciomascort.com\/fr\/wp-json\/wp\/v2\/comments?post=11081"}],"version-history":[{"count":5,"href":"https:\/\/www.fundaciomascort.com\/fr\/wp-json\/wp\/v2\/posts\/11081\/revisions"}],"predecessor-version":[{"id":12045,"href":"https:\/\/www.fundaciomascort.com\/fr\/wp-json\/wp\/v2\/posts\/11081\/revisions\/12045"}],"wp:attachment":[{"href":"https:\/\/www.fundaciomascort.com\/fr\/wp-json\/wp\/v2\/media?parent=11081"}],"wp:term":[{"taxonomy":"category","embeddable":true,"href":"https:\/\/www.fundaciomascort.com\/fr\/wp-json\/wp\/v2\/categories?post=11081"},{"taxonomy":"post_tag","embeddable":true,"href":"https:\/\/www.fundaciomascort.com\/fr\/wp-json\/wp\/v2\/tags?post=11081"}],"curies":[{"name":"wp","href":"https:\/\/api.w.org\/{rel}","templated":true}]}}