{"id":15147,"date":"2024-01-03T16:54:19","date_gmt":"2024-01-03T16:54:19","guid":{"rendered":"https:\/\/www.fundaciomascort.com\/press\/la-fundacio-mascort-presenta-lexposicio-el-mar-a-lhoritzo-tv-costa-brava\/"},"modified":"2024-01-03T16:56:44","modified_gmt":"2024-01-03T16:56:44","slug":"la-fundacio-mascort-presenta-lexposicio-el-mar-a-lhoritzo-tv-costa-brava","status":"publish","type":"press","link":"https:\/\/www.fundaciomascort.com\/es\/prensa\/la-fundacio-mascort-presenta-lexposicio-el-mar-a-lhoritzo-tv-costa-brava\/","title":{"rendered":"La Fundaci\u00f3 Mascort presenta l&#8217;exposici\u00f3 \u00abEl mar a l&#8217;horitz\u00f3\u00bb, TV Costa Brava &#8211;"},"template":"","class_list":["post-15147","press","type-press","status-publish","hentry"],"acf":[],"yoast_head":"<!-- This site is optimized with the Yoast SEO plugin v25.6 - https:\/\/yoast.com\/wordpress\/plugins\/seo\/ -->\n<title>La Fundaci\u00f3 Mascort presenta l&#039;exposici\u00f3 &quot;El mar a l&#039;horitz\u00f3&quot;, TV Costa Brava - Fundaci\u00f3 Mascort<\/title>\n<meta name=\"description\" content=\"La Fundaci\u00f3 Mascort presenta l&#039;exposici\u00f3 &quot;El mar a l&#039;horitz\u00f3&quot;, una mostra oberta al p\u00fablic amb m\u00e9s d\u2019un centenar de l\u00e0mines originals d\u2019ocells i mam\u00edfers marins. Aquesta iniciativa s\u2019emmarca en el comprom\u00eds de col\u00b7laboraci\u00f3 amb la Fundaci\u00f3 Philippe Cousteau, una entitat que promou la cultura del mar, la conservaci\u00f3 del medi ambient i la sostenibilitat, i que ben aviat obrir\u00e0 la seva seu cient\u00edfica a l\u2019Estartit.\" \/>\n<meta name=\"robots\" content=\"index, follow, max-snippet:-1, max-image-preview:large, max-video-preview:-1\" \/>\n<link rel=\"canonical\" href=\"https:\/\/www.fundaciomascort.com\/es\/prensa\/la-fundacio-mascort-presenta-lexposicio-el-mar-a-lhoritzo-tv-costa-brava\/\" \/>\n<meta property=\"og:locale\" content=\"es_ES\" \/>\n<meta property=\"og:type\" content=\"article\" \/>\n<meta property=\"og:title\" content=\"La Fundaci\u00f3 Mascort ressegueix la hist\u00f2ria de la cer\u00e0mica amb 250 peces de totes les \u00e8poques\" \/>\n<meta property=\"og:description\" content=\"La Fundaci\u00f3 Mascort presenta l&#039;exposici\u00f3 &quot;El mar a l&#039;horitz\u00f3&quot;, una mostra oberta al p\u00fablic amb m\u00e9s d\u2019un centenar de l\u00e0mines originals d\u2019ocells i mam\u00edfers marins. Aquesta iniciativa s\u2019emmarca en el comprom\u00eds de col\u00b7laboraci\u00f3 amb la Fundaci\u00f3 Philippe Cousteau, una entitat que promou la cultura del mar, la conservaci\u00f3 del medi ambient i la sostenibilitat, i que ben aviat obrir\u00e0 la seva seu cient\u00edfica a l\u2019Estartit.\" \/>\n<meta property=\"og:url\" content=\"https:\/\/www.fundaciomascort.com\/es\/prensa\/la-fundacio-mascort-presenta-lexposicio-el-mar-a-lhoritzo-tv-costa-brava\/\" \/>\n<meta property=\"og:site_name\" content=\"Fundaci\u00f3 Mascort\" \/>\n<meta property=\"article:publisher\" content=\"https:\/\/www.facebook.com\/fundaciomascort\" \/>\n<meta property=\"article:modified_time\" content=\"2024-01-03T16:56:44+00:00\" \/>\n<meta property=\"og:image\" content=\"https:\/\/www.fundaciomascort.com\/wp-content\/uploads\/2023\/06\/2023_msc_085-detail-300x300.jpg\" \/>\n<meta name=\"twitter:card\" content=\"summary_large_image\" \/>\n<meta name=\"twitter:title\" content=\"La Fundaci\u00f3 Mascort ressegueix la hist\u00f2ria de la cer\u00e0mica amb 250 peces de totes les \u00e8poques\" \/>\n<meta name=\"twitter:image\" content=\"https:\/\/www.fundaciomascort.com\/wp-content\/uploads\/2023\/06\/2023_msc_085-detail-640x640.jpg\" \/>\n<meta name=\"twitter:site\" content=\"@fundaciomascort\" \/>\n<script type=\"application\/ld+json\" class=\"yoast-schema-graph\">{\"@context\":\"https:\/\/schema.org\",\"@graph\":[{\"@type\":\"WebPage\",\"@id\":\"https:\/\/www.fundaciomascort.com\/es\/prensa\/la-fundacio-mascort-presenta-lexposicio-el-mar-a-lhoritzo-tv-costa-brava\/\",\"url\":\"https:\/\/www.fundaciomascort.com\/es\/prensa\/la-fundacio-mascort-presenta-lexposicio-el-mar-a-lhoritzo-tv-costa-brava\/\",\"name\":\"La Fundaci\u00f3 Mascort presenta l'exposici\u00f3 \\\"El mar a l'horitz\u00f3\\\", TV Costa Brava - Fundaci\u00f3 Mascort\",\"isPartOf\":{\"@id\":\"https:\/\/www.fundaciomascort.com\/es\/#website\"},\"datePublished\":\"2024-01-03T16:54:19+00:00\",\"dateModified\":\"2024-01-03T16:56:44+00:00\",\"description\":\"La Fundaci\u00f3 Mascort presenta l'exposici\u00f3 \\\"El mar a l'horitz\u00f3\\\", una mostra oberta al p\u00fablic amb m\u00e9s d\u2019un centenar de l\u00e0mines originals d\u2019ocells i mam\u00edfers marins. Aquesta iniciativa s\u2019emmarca en el comprom\u00eds de col\u00b7laboraci\u00f3 amb la Fundaci\u00f3 Philippe Cousteau, una entitat que promou la cultura del mar, la conservaci\u00f3 del medi ambient i la sostenibilitat, i que ben aviat obrir\u00e0 la seva seu cient\u00edfica a l\u2019Estartit.\",\"breadcrumb\":{\"@id\":\"https:\/\/www.fundaciomascort.com\/es\/prensa\/la-fundacio-mascort-presenta-lexposicio-el-mar-a-lhoritzo-tv-costa-brava\/#breadcrumb\"},\"inLanguage\":\"es\",\"potentialAction\":[{\"@type\":\"ReadAction\",\"target\":[\"https:\/\/www.fundaciomascort.com\/es\/prensa\/la-fundacio-mascort-presenta-lexposicio-el-mar-a-lhoritzo-tv-costa-brava\/\"]}]},{\"@type\":\"BreadcrumbList\",\"@id\":\"https:\/\/www.fundaciomascort.com\/es\/prensa\/la-fundacio-mascort-presenta-lexposicio-el-mar-a-lhoritzo-tv-costa-brava\/#breadcrumb\",\"itemListElement\":[{\"@type\":\"ListItem\",\"position\":1,\"name\":\"Home\",\"item\":\"https:\/\/www.fundaciomascort.com\/es\/\"},{\"@type\":\"ListItem\",\"position\":2,\"name\":\"Prensa\",\"item\":\"https:\/\/www.fundaciomascort.com\/es\/prensa\/\"},{\"@type\":\"ListItem\",\"position\":3,\"name\":\"La Fundaci\u00f3 Mascort presenta l&#8217;exposici\u00f3 &#8220;El mar a l&#8217;horitz\u00f3&#8221;, TV Costa Brava &#8211;\"}]},{\"@type\":\"WebSite\",\"@id\":\"https:\/\/www.fundaciomascort.com\/es\/#website\",\"url\":\"https:\/\/www.fundaciomascort.com\/es\/\",\"name\":\"Fundaci\u00f3 Mascort\",\"description\":\"Esperem que compartiu amb nosaltres les exposicions de la Casa Galibern i les nostres publicacions.\",\"potentialAction\":[{\"@type\":\"SearchAction\",\"target\":{\"@type\":\"EntryPoint\",\"urlTemplate\":\"https:\/\/www.fundaciomascort.com\/es\/?s={search_term_string}\"},\"query-input\":{\"@type\":\"PropertyValueSpecification\",\"valueRequired\":true,\"valueName\":\"search_term_string\"}}],\"inLanguage\":\"es\"}]}<\/script>\n<!-- \/ Yoast SEO plugin. -->","yoast_head_json":{"title":"La Fundaci\u00f3 Mascort presenta l'exposici\u00f3 \"El mar a l'horitz\u00f3\", TV Costa Brava - Fundaci\u00f3 Mascort","description":"La Fundaci\u00f3 Mascort presenta l'exposici\u00f3 \"El mar a l'horitz\u00f3\", una mostra oberta al p\u00fablic amb m\u00e9s d\u2019un centenar de l\u00e0mines originals d\u2019ocells i mam\u00edfers marins. Aquesta iniciativa s\u2019emmarca en el comprom\u00eds de col\u00b7laboraci\u00f3 amb la Fundaci\u00f3 Philippe Cousteau, una entitat que promou la cultura del mar, la conservaci\u00f3 del medi ambient i la sostenibilitat, i que ben aviat obrir\u00e0 la seva seu cient\u00edfica a l\u2019Estartit.","robots":{"index":"index","follow":"follow","max-snippet":"max-snippet:-1","max-image-preview":"max-image-preview:large","max-video-preview":"max-video-preview:-1"},"canonical":"https:\/\/www.fundaciomascort.com\/es\/prensa\/la-fundacio-mascort-presenta-lexposicio-el-mar-a-lhoritzo-tv-costa-brava\/","og_locale":"es_ES","og_type":"article","og_title":"La Fundaci\u00f3 Mascort ressegueix la hist\u00f2ria de la cer\u00e0mica amb 250 peces de totes les \u00e8poques","og_description":"La Fundaci\u00f3 Mascort presenta l'exposici\u00f3 \"El mar a l'horitz\u00f3\", una mostra oberta al p\u00fablic amb m\u00e9s d\u2019un centenar de l\u00e0mines originals d\u2019ocells i mam\u00edfers marins. Aquesta iniciativa s\u2019emmarca en el comprom\u00eds de col\u00b7laboraci\u00f3 amb la Fundaci\u00f3 Philippe Cousteau, una entitat que promou la cultura del mar, la conservaci\u00f3 del medi ambient i la sostenibilitat, i que ben aviat obrir\u00e0 la seva seu cient\u00edfica a l\u2019Estartit.","og_url":"https:\/\/www.fundaciomascort.com\/es\/prensa\/la-fundacio-mascort-presenta-lexposicio-el-mar-a-lhoritzo-tv-costa-brava\/","og_site_name":"Fundaci\u00f3 Mascort","article_publisher":"https:\/\/www.facebook.com\/fundaciomascort","article_modified_time":"2024-01-03T16:56:44+00:00","og_image":[{"url":"https:\/\/www.fundaciomascort.com\/wp-content\/uploads\/2023\/06\/2023_msc_085-detail-300x300.jpg","type":"","width":"","height":""}],"twitter_card":"summary_large_image","twitter_title":"La Fundaci\u00f3 Mascort ressegueix la hist\u00f2ria de la cer\u00e0mica amb 250 peces de totes les \u00e8poques","twitter_image":"https:\/\/www.fundaciomascort.com\/wp-content\/uploads\/2023\/06\/2023_msc_085-detail-640x640.jpg","twitter_site":"@fundaciomascort","schema":{"@context":"https:\/\/schema.org","@graph":[{"@type":"WebPage","@id":"https:\/\/www.fundaciomascort.com\/es\/prensa\/la-fundacio-mascort-presenta-lexposicio-el-mar-a-lhoritzo-tv-costa-brava\/","url":"https:\/\/www.fundaciomascort.com\/es\/prensa\/la-fundacio-mascort-presenta-lexposicio-el-mar-a-lhoritzo-tv-costa-brava\/","name":"La Fundaci\u00f3 Mascort presenta l'exposici\u00f3 \"El mar a l'horitz\u00f3\", TV Costa Brava - Fundaci\u00f3 Mascort","isPartOf":{"@id":"https:\/\/www.fundaciomascort.com\/es\/#website"},"datePublished":"2024-01-03T16:54:19+00:00","dateModified":"2024-01-03T16:56:44+00:00","description":"La Fundaci\u00f3 Mascort presenta l'exposici\u00f3 \"El mar a l'horitz\u00f3\", una mostra oberta al p\u00fablic amb m\u00e9s d\u2019un centenar de l\u00e0mines originals d\u2019ocells i mam\u00edfers marins. Aquesta iniciativa s\u2019emmarca en el comprom\u00eds de col\u00b7laboraci\u00f3 amb la Fundaci\u00f3 Philippe Cousteau, una entitat que promou la cultura del mar, la conservaci\u00f3 del medi ambient i la sostenibilitat, i que ben aviat obrir\u00e0 la seva seu cient\u00edfica a l\u2019Estartit.","breadcrumb":{"@id":"https:\/\/www.fundaciomascort.com\/es\/prensa\/la-fundacio-mascort-presenta-lexposicio-el-mar-a-lhoritzo-tv-costa-brava\/#breadcrumb"},"inLanguage":"es","potentialAction":[{"@type":"ReadAction","target":["https:\/\/www.fundaciomascort.com\/es\/prensa\/la-fundacio-mascort-presenta-lexposicio-el-mar-a-lhoritzo-tv-costa-brava\/"]}]},{"@type":"BreadcrumbList","@id":"https:\/\/www.fundaciomascort.com\/es\/prensa\/la-fundacio-mascort-presenta-lexposicio-el-mar-a-lhoritzo-tv-costa-brava\/#breadcrumb","itemListElement":[{"@type":"ListItem","position":1,"name":"Home","item":"https:\/\/www.fundaciomascort.com\/es\/"},{"@type":"ListItem","position":2,"name":"Prensa","item":"https:\/\/www.fundaciomascort.com\/es\/prensa\/"},{"@type":"ListItem","position":3,"name":"La Fundaci\u00f3 Mascort presenta l&#8217;exposici\u00f3 &#8220;El mar a l&#8217;horitz\u00f3&#8221;, TV Costa Brava &#8211;"}]},{"@type":"WebSite","@id":"https:\/\/www.fundaciomascort.com\/es\/#website","url":"https:\/\/www.fundaciomascort.com\/es\/","name":"Fundaci\u00f3 Mascort","description":"Esperem que compartiu amb nosaltres les exposicions de la Casa Galibern i les nostres publicacions.","potentialAction":[{"@type":"SearchAction","target":{"@type":"EntryPoint","urlTemplate":"https:\/\/www.fundaciomascort.com\/es\/?s={search_term_string}"},"query-input":{"@type":"PropertyValueSpecification","valueRequired":true,"valueName":"search_term_string"}}],"inLanguage":"es"}]}},"_links":{"self":[{"href":"https:\/\/www.fundaciomascort.com\/es\/wp-json\/wp\/v2\/press\/15147"}],"collection":[{"href":"https:\/\/www.fundaciomascort.com\/es\/wp-json\/wp\/v2\/press"}],"about":[{"href":"https:\/\/www.fundaciomascort.com\/es\/wp-json\/wp\/v2\/types\/press"}],"wp:attachment":[{"href":"https:\/\/www.fundaciomascort.com\/es\/wp-json\/wp\/v2\/media?parent=15147"}],"curies":[{"name":"wp","href":"https:\/\/api.w.org\/{rel}","templated":true}]}}